{"id":2126,"date":"2010-08-30T12:44:27","date_gmt":"2010-08-30T10:44:27","guid":{"rendered":"https:\/\/www.proudmusiclibrary.com\/de\/blog\/?p=2126"},"modified":"2021-08-10T18:44:34","modified_gmt":"2021-08-10T16:44:34","slug":"stefan-peter-roos-von-proud-music-spricht-ueber-geschaeftsmodelle-fuer-digitale-gueter-im-rahmen-der-all2gethernow-konferenz-in-berlin","status":"publish","type":"post","link":"https:\/\/www.proudmusiclibrary.com\/de\/blog\/news\/stefan-peter-roos-von-proud-music-spricht-ueber-geschaeftsmodelle-fuer-digitale-gueter-im-rahmen-der-all2gethernow-konferenz-in-berlin\/","title":{"rendered":"Stefan Peter Roos spricht auf der all2gethernow-Konferenz in Berlin 2010"},"content":{"rendered":"<p>Stefan Peter Roos: &#8222;Die Rahmenbedingungen f&#252;r Gesch&#228;ftsmodelle f&#252;r digitale G&#252;ter aller Art waren nie besser&#8220;. Unter diesem Motto steht sein Vortrag &#252;ber Gesch&#228;ftsmodelle f&#252;r digitale G&#252;ter mit anschlie&#223;ender Diskussion am Montag, den 6. September zwischen 18:45-20:30 Uhr im Rahmen der all2gethernow-Konferenz im Raum 7 der Kulturbrauerei (NBI) in Berlin.<\/p>\n<p><span style=\"border-radius: 2px; text-indent: 20px; width: auto; padding: 0px 4px 0px 0px; text-align: center; font: bold 11px\/20px 'Helvetica Neue',Helvetica,sans-serif; color: #ffffff; background: #bd081c no-repeat scroll 3px 50% \/ 14px 14px; position: absolute; opacity: 1; z-index: 8675309; display: none; cursor: pointer;\">Merken<\/span><\/p>\n<p><span style=\"border-radius: 2px; text-indent: 20px; width: auto; padding: 0px 4px 0px 0px; text-align: center; font: bold 11px\/20px 'Helvetica Neue',Helvetica,sans-serif; color: #ffffff; background: #bd081c no-repeat scroll 3px 50% \/ 14px 14px; position: absolute; opacity: 1; z-index: 8675309; display: none; cursor: pointer; top: 255px; left: 115px;\">Merken<\/span><\/p>\n","protected":false},"excerpt":{"rendered":"<p>Die Rahmenbedingungen f&#252;r Gesch&#228;ftsmodelle f&#252;r digitale G&#252;ter aller Art waren nie besser<\/p>\n","protected":false},"author":1,"featured_media":0,"comment_status":"closed","ping_status":"open","sticky":false,"template":"","format":"standard","meta":{"footnotes":""},"categories":[14,8],"tags":[1515,1516,713,1514,1634,497,1367,206],"yoast_head":"<!-- This site is optimized with the Yoast SEO plugin v22.2 - https:\/\/yoast.com\/wordpress\/plugins\/seo\/ -->\n<title>Stefan Peter Roos spricht auf der all2gethernow-Konferenz in Berlin 2010 &#187; Gemafreie Musik Blog von Proud Music<\/title>\n<meta name=\"description\" content=\"Die Rahmenbedingungen f\u00fcr Gesch\u00e4ftsmodelle f\u00fcr digitale G\u00fcter aller Art waren nie besser\" \/>\n<meta name=\"robots\" content=\"index, follow, max-snippet:-1, max-image-preview:large, max-video-preview:-1\" \/>\n<link rel=\"canonical\" href=\"https:\/\/www.proudmusiclibrary.com\/de\/blog\/news\/stefan-peter-roos-von-proud-music-spricht-ueber-geschaeftsmodelle-fuer-digitale-gueter-im-rahmen-der-all2gethernow-konferenz-in-berlin\/\" \/>\n<meta property=\"og:locale\" content=\"de_DE\" \/>\n<meta property=\"og:type\" content=\"article\" \/>\n<meta property=\"og:title\" content=\"Stefan Peter Roos spricht auf der all2gethernow-Konferenz in Berlin 2010 &#187; Gemafreie Musik Blog von Proud Music\" \/>\n<meta property=\"og:description\" content=\"Die Rahmenbedingungen f\u00fcr Gesch\u00e4ftsmodelle f\u00fcr digitale G\u00fcter aller Art waren nie besser\" \/>\n<meta property=\"og:url\" content=\"https:\/\/www.proudmusiclibrary.com\/de\/blog\/news\/stefan-peter-roos-von-proud-music-spricht-ueber-geschaeftsmodelle-fuer-digitale-gueter-im-rahmen-der-all2gethernow-konferenz-in-berlin\/\" \/>\n<meta property=\"og:site_name\" content=\"Gemafreie Musik Blog von Proud Music\" \/>\n<meta property=\"article:published_time\" content=\"2010-08-30T10:44:27+00:00\" \/>\n<meta property=\"article:modified_time\" content=\"2021-08-10T16:44:34+00:00\" \/>\n<meta name=\"author\" content=\"Proud Music Team\" \/>\n<meta name=\"twitter:card\" content=\"summary_large_image\" \/>\n<meta name=\"twitter:label1\" content=\"Verfasst von\" \/>\n\t<meta name=\"twitter:data1\" content=\"Proud Music Team\" \/>\n<!-- \/ Yoast SEO plugin. -->","yoast_head_json":{"title":"Stefan Peter Roos spricht auf der all2gethernow-Konferenz in Berlin 2010 &#187; Gemafreie Musik Blog von Proud Music","description":"Die Rahmenbedingungen f\u00fcr Gesch\u00e4ftsmodelle f\u00fcr digitale G\u00fcter aller Art waren nie besser","robots":{"index":"index","follow":"follow","max-snippet":"max-snippet:-1","max-image-preview":"max-image-preview:large","max-video-preview":"max-video-preview:-1"},"canonical":"https:\/\/www.proudmusiclibrary.com\/de\/blog\/news\/stefan-peter-roos-von-proud-music-spricht-ueber-geschaeftsmodelle-fuer-digitale-gueter-im-rahmen-der-all2gethernow-konferenz-in-berlin\/","og_locale":"de_DE","og_type":"article","og_title":"Stefan Peter Roos spricht auf der all2gethernow-Konferenz in Berlin 2010 &#187; Gemafreie Musik Blog von Proud Music","og_description":"Die Rahmenbedingungen f\u00fcr Gesch\u00e4ftsmodelle f\u00fcr digitale G\u00fcter aller Art waren nie besser","og_url":"https:\/\/www.proudmusiclibrary.com\/de\/blog\/news\/stefan-peter-roos-von-proud-music-spricht-ueber-geschaeftsmodelle-fuer-digitale-gueter-im-rahmen-der-all2gethernow-konferenz-in-berlin\/","og_site_name":"Gemafreie Musik Blog von Proud Music","article_published_time":"2010-08-30T10:44:27+00:00","article_modified_time":"2021-08-10T16:44:34+00:00","author":"Proud Music Team","twitter_card":"summary_large_image","twitter_misc":{"Verfasst von":"Proud Music Team"},"schema":{"@context":"https:\/\/schema.org","@graph":[{"@type":"Article","@id":"https:\/\/www.proudmusiclibrary.com\/de\/blog\/news\/stefan-peter-roos-von-proud-music-spricht-ueber-geschaeftsmodelle-fuer-digitale-gueter-im-rahmen-der-all2gethernow-konferenz-in-berlin\/#article","isPartOf":{"@id":"https:\/\/www.proudmusiclibrary.com\/de\/blog\/news\/stefan-peter-roos-von-proud-music-spricht-ueber-geschaeftsmodelle-fuer-digitale-gueter-im-rahmen-der-all2gethernow-konferenz-in-berlin\/"},"author":{"name":"Proud Music Team","@id":"https:\/\/www.proudmusiclibrary.com\/de\/blog\/#\/schema\/person\/5b4c5b9040a3d86c2de8854b7bd93c9e"},"headline":"Stefan Peter Roos spricht auf der all2gethernow-Konferenz in Berlin 2010","datePublished":"2010-08-30T10:44:27+00:00","dateModified":"2021-08-10T16:44:34+00:00","mainEntityOfPage":{"@id":"https:\/\/www.proudmusiclibrary.com\/de\/blog\/news\/stefan-peter-roos-von-proud-music-spricht-ueber-geschaeftsmodelle-fuer-digitale-gueter-im-rahmen-der-all2gethernow-konferenz-in-berlin\/"},"wordCount":68,"publisher":{"@id":"https:\/\/www.proudmusiclibrary.com\/de\/blog\/#organization"},"keywords":["a2n","all2gethernow","Digitale G\u00fcter","Gesch\u00e4ftsmodelle","Speaker","SPR","spr2","Stefan Peter Roos"],"articleSection":["Events","News"],"inLanguage":"de-DE"},{"@type":"WebPage","@id":"https:\/\/www.proudmusiclibrary.com\/de\/blog\/news\/stefan-peter-roos-von-proud-music-spricht-ueber-geschaeftsmodelle-fuer-digitale-gueter-im-rahmen-der-all2gethernow-konferenz-in-berlin\/","url":"https:\/\/www.proudmusiclibrary.com\/de\/blog\/news\/stefan-peter-roos-von-proud-music-spricht-ueber-geschaeftsmodelle-fuer-digitale-gueter-im-rahmen-der-all2gethernow-konferenz-in-berlin\/","name":"Stefan Peter Roos spricht auf der all2gethernow-Konferenz in Berlin 2010 &#187; Gemafreie Musik Blog von Proud Music","isPartOf":{"@id":"https:\/\/www.proudmusiclibrary.com\/de\/blog\/#website"},"datePublished":"2010-08-30T10:44:27+00:00","dateModified":"2021-08-10T16:44:34+00:00","description":"Die Rahmenbedingungen f\u00fcr Gesch\u00e4ftsmodelle f\u00fcr digitale G\u00fcter aller Art waren nie besser","breadcrumb":{"@id":"https:\/\/www.proudmusiclibrary.com\/de\/blog\/news\/stefan-peter-roos-von-proud-music-spricht-ueber-geschaeftsmodelle-fuer-digitale-gueter-im-rahmen-der-all2gethernow-konferenz-in-berlin\/#breadcrumb"},"inLanguage":"de-DE","potentialAction":[{"@type":"ReadAction","target":["https:\/\/www.proudmusiclibrary.com\/de\/blog\/news\/stefan-peter-roos-von-proud-music-spricht-ueber-geschaeftsmodelle-fuer-digitale-gueter-im-rahmen-der-all2gethernow-konferenz-in-berlin\/"]}]},{"@type":"BreadcrumbList","@id":"https:\/\/www.proudmusiclibrary.com\/de\/blog\/news\/stefan-peter-roos-von-proud-music-spricht-ueber-geschaeftsmodelle-fuer-digitale-gueter-im-rahmen-der-all2gethernow-konferenz-in-berlin\/#breadcrumb","itemListElement":[{"@type":"ListItem","position":1,"name":"Home","item":"https:\/\/www.proudmusiclibrary.com\/de\/blog\/"},{"@type":"ListItem","position":2,"name":"Stefan Peter Roos spricht auf der all2gethernow-Konferenz in Berlin 2010"}]},{"@type":"WebSite","@id":"https:\/\/www.proudmusiclibrary.com\/de\/blog\/#website","url":"https:\/\/www.proudmusiclibrary.com\/de\/blog\/","name":"Gemafreie Musik Blog von Proud Music","description":"...music to be proud of :-)","publisher":{"@id":"https:\/\/www.proudmusiclibrary.com\/de\/blog\/#organization"},"potentialAction":[{"@type":"SearchAction","target":{"@type":"EntryPoint","urlTemplate":"https:\/\/www.proudmusiclibrary.com\/de\/blog\/?s={search_term_string}"},"query-input":"required name=search_term_string"}],"inLanguage":"de-DE"},{"@type":"Organization","@id":"https:\/\/www.proudmusiclibrary.com\/de\/blog\/#organization","name":"Proud Music Library","url":"https:\/\/www.proudmusiclibrary.com\/de\/blog\/","logo":{"@type":"ImageObject","inLanguage":"de-DE","@id":"https:\/\/www.proudmusiclibrary.com\/de\/blog\/#\/schema\/logo\/image\/","url":"https:\/\/www.proudmusiclibrary.com\/de\/blog\/wp-content\/uploads\/2015\/02\/mypm_logo.jpg","contentUrl":"https:\/\/www.proudmusiclibrary.com\/de\/blog\/wp-content\/uploads\/2015\/02\/mypm_logo.jpg","width":200,"height":189,"caption":"Proud Music Library"},"image":{"@id":"https:\/\/www.proudmusiclibrary.com\/de\/blog\/#\/schema\/logo\/image\/"}},{"@type":"Person","@id":"https:\/\/www.proudmusiclibrary.com\/de\/blog\/#\/schema\/person\/5b4c5b9040a3d86c2de8854b7bd93c9e","name":"Proud Music Team","sameAs":["http:\/\/"]}]}},"_links":{"self":[{"href":"https:\/\/www.proudmusiclibrary.com\/de\/blog\/wp-json\/wp\/v2\/posts\/2126"}],"collection":[{"href":"https:\/\/www.proudmusiclibrary.com\/de\/blog\/wp-json\/wp\/v2\/posts"}],"about":[{"href":"https:\/\/www.proudmusiclibrary.com\/de\/blog\/wp-json\/wp\/v2\/types\/post"}],"author":[{"embeddable":true,"href":"https:\/\/www.proudmusiclibrary.com\/de\/blog\/wp-json\/wp\/v2\/users\/1"}],"replies":[{"embeddable":true,"href":"https:\/\/www.proudmusiclibrary.com\/de\/blog\/wp-json\/wp\/v2\/comments?post=2126"}],"version-history":[{"count":17,"href":"https:\/\/www.proudmusiclibrary.com\/de\/blog\/wp-json\/wp\/v2\/posts\/2126\/revisions"}],"predecessor-version":[{"id":5505,"href":"https:\/\/www.proudmusiclibrary.com\/de\/blog\/wp-json\/wp\/v2\/posts\/2126\/revisions\/5505"}],"wp:attachment":[{"href":"https:\/\/www.proudmusiclibrary.com\/de\/blog\/wp-json\/wp\/v2\/media?parent=2126"}],"wp:term":[{"taxonomy":"category","embeddable":true,"href":"https:\/\/www.proudmusiclibrary.com\/de\/blog\/wp-json\/wp\/v2\/categories?post=2126"},{"taxonomy":"post_tag","embeddable":true,"href":"https:\/\/www.proudmusiclibrary.com\/de\/blog\/wp-json\/wp\/v2\/tags?post=2126"}],"curies":[{"name":"wp","href":"https:\/\/api.w.org\/{rel}","templated":true}]}}